{"id":27,"date":"2019-04-02T04:00:56","date_gmt":"2019-04-02T04:00:56","guid":{"rendered":"http:\/\/themes.themegoods.com\/dotlife\/demo\/?p=27"},"modified":"2023-05-22T15:58:19","modified_gmt":"2023-05-22T13:58:19","slug":"medien","status":"publish","type":"post","link":"https:\/\/johanneshillje.de\/blog\/medien\/","title":{"rendered":"In den Medien"},"content":{"rendered":"\t\t<div data-elementor-type=\"wp-post\" data-elementor-id=\"27\" class=\"elementor elementor-27\">\n\t\t\t\t\t\t\t\t\t<section class=\"elementor-section elementor-top-section elementor-element elementor-element-7d87022c elementor-section-boxed elementor-section-height-default elementor-section-height-default\" data-id=\"7d87022c\" data-element_type=\"section\" data-settings=\"{&quot;dotlife_ext_is_background_parallax&quot;:&quot;false&quot;}\">\n\t\t\t\t\t\t<div class=\"elementor-container elementor-column-gap-default\">\n\t\t\t\t\t<div class=\"elementor-column elementor-col-100 elementor-top-column elementor-element elementor-element-1658869d\" data-id=\"1658869d\" data-element_type=\"column\" data-settings=\"{&quot;dotlife_ext_link_sidemenu&quot;:&quot;false&quot;,&quot;dotlife_ext_link_fullmenu&quot;:&quot;false&quot;,&quot;dotlife_ext_link_closed_fullmenu&quot;:&quot;false&quot;,&quot;dotlife_ext_is_scrollme&quot;:&quot;false&quot;,&quot;dotlife_ext_is_smoove&quot;:&quot;false&quot;,&quot;dotlife_ext_is_parallax_mouse&quot;:&quot;false&quot;,&quot;dotlife_ext_is_infinite&quot;:&quot;false&quot;,&quot;dotlife_ext_is_fadeout_animation&quot;:&quot;false&quot;,&quot;dotlife_ext_mobile_static&quot;:&quot;false&quot;}\">\n\t\t\t<div class=\"elementor-widget-wrap elementor-element-populated\">\n\t\t\t\t\t\t\t\t<div class=\"elementor-element elementor-element-4a94b32d elementor-widget elementor-widget-text-editor\" data-id=\"4a94b32d\" data-element_type=\"widget\" data-settings=\"{&quot;dotlife_ext_link_sidemenu&quot;:&quot;false&quot;,&quot;dotlife_ext_link_fullmenu&quot;:&quot;false&quot;,&quot;dotlife_ext_link_closed_fullmenu&quot;:&quot;false&quot;,&quot;dotlife_ext_is_scrollme&quot;:&quot;false&quot;,&quot;dotlife_ext_is_smoove&quot;:&quot;false&quot;,&quot;dotlife_ext_is_parallax_mouse&quot;:&quot;false&quot;,&quot;dotlife_ext_is_infinite&quot;:&quot;false&quot;,&quot;dotlife_ext_is_fadeout_animation&quot;:&quot;false&quot;,&quot;dotlife_ext_mobile_static&quot;:&quot;false&quot;}\" data-widget_type=\"text-editor.default\">\n\t\t\t\t<div class=\"elementor-widget-container\">\n\t\t\t<style>\/*! elementor - v3.13.2 - 11-05-2023 *\/\n.elementor-widget-text-editor.elementor-drop-cap-view-stacked .elementor-drop-cap{background-color:#69727d;color:#fff}.elementor-widget-text-editor.elementor-drop-cap-view-framed .elementor-drop-cap{color:#69727d;border:3px solid;background-color:transparent}.elementor-widget-text-editor:not(.elementor-drop-cap-view-default) .elementor-drop-cap{margin-top:8px}.elementor-widget-text-editor:not(.elementor-drop-cap-view-default) .elementor-drop-cap-letter{width:1em;height:1em}.elementor-widget-text-editor .elementor-drop-cap{float:left;text-align:center;line-height:1;font-size:50px}.elementor-widget-text-editor .elementor-drop-cap-letter{display:inline-block}<\/style>\t\t\t\t<div id=\"overflow-container\" class=\"overflow-container\">\n<div id=\"max-width\" class=\"max-width\"><section id=\"main\" class=\"main\" role=\"main\">\n<div id=\"loop-container\" class=\"loop-container\">\n<div class=\"post-61 page type-page status-publish hentry entry\"><article>\n<div class=\"post-content\">\n<p style=\"text-align: left;\">In den Medien kommentiere ich regelm\u00e4\u00dfig als Experte zu den Themen politische Kommunikation, Framing, Populismus, europ\u00e4ische Politik, Wahlk\u00e4mpfe etc. Hier finden Sie eine Auswahl von Berichten:<\/p>\n\n<p style=\"text-align: center;\">\n<a href=\"https:\/\/www.sueddeutsche.de\/medien\/talkshows-und-populismus-selbst-wenn-die-afd-nicht-in-talkshows-sitzt-sind-ihre-inhalte-omnipraesent-1.4002428\" target=\"_blank\" rel=\"noopener\"><img loading=\"lazy\" decoding=\"async\" class=\"alignnone wp-image-203\" src=\"https:\/\/johanneshillje.de\/blog\/wp-content\/uploads\/2023\/05\/2000px-Sueddeutsche_Zeitung_Logo.png\" alt=\"\" width=\"250\" height=\"38\" \/><\/a><\/p>\n<p style=\"text-align: center;\"><a href=\"https:\/\/www.faz.net\/aktuell\/politik\/ausland\/gastbeitrag-nicht-mehr-national-debattieren-sondern-europaeisch-16002323.html\" target=\"_blank\" rel=\"noopener\"><img loading=\"lazy\" decoding=\"async\" class=\"alignnone wp-image-202 aligncenter\" src=\"https:\/\/johanneshillje.de\/blog\/wp-content\/uploads\/2023\/05\/2000px-Frankfurter_Allgemeine_logo.png\" alt=\"\" width=\"250\" height=\"53\" \/><\/a>\n<\/p>\n<p style=\"text-align: center;\"><a href=\"https:\/\/www.welt.de\/debatte\/kommentare\/article195926831\/Krise-der-grossen-Koalition-Deutschland-braucht-einen-Zukunftsminister.html\" target=\"_blank\" rel=\"noopener\"><img loading=\"lazy\" decoding=\"async\" class=\"alignnone wp-image-214\" src=\"https:\/\/johanneshillje.de\/blog\/wp-content\/uploads\/2023\/05\/die-welt-logo-700x286-1.jpg\" alt=\"\" width=\"200\" height=\"51\" \/><\/a><\/p>\n<p style=\"text-align: center;\"><a href=\"http:\/\/www.johanneshillje.de\/wp-content\/uploads\/2019\/03\/SPIEGEL_2017_09_Glaeserne_Waehler.pdf\" target=\"_blank\" rel=\"noopener\"><img loading=\"lazy\" decoding=\"async\" class=\"alignnone wp-image-204\" src=\"https:\/\/johanneshillje.de\/blog\/wp-content\/uploads\/2023\/05\/derspiegel.png\" alt=\"\" width=\"250\" height=\"46\" \/><\/a><\/p>\n<p style=\"text-align: center;\"><a href=\"https:\/\/youtu.be\/tnU-J6UXQxM\" target=\"blank\"><img loading=\"lazy\" decoding=\"async\" class=\"alignnone wp-image-66\" src=\"https:\/\/johanneshillje.de\/blog\/wp-content\/uploads\/2023\/05\/2000px-Tagesthemen_Logo_2015.png\" alt=\"\" width=\"220\" height=\"35\" \/><\/a><\/p>\n<p style=\"text-align: center;\"><a href=\"https:\/\/www.youtube.com\/watch?v=aR8KUpG4VuM&amp;t=3s\"><img loading=\"lazy\" decoding=\"async\" class=\"alignnone wp-image-65\" src=\"https:\/\/johanneshillje.de\/blog\/wp-content\/uploads\/2023\/05\/zdfheute.png\" alt=\"\" width=\"150\" height=\"45\" \/><\/a><\/p>\n<p style=\"text-align: center;\"><a href=\"https:\/\/www.deutschlandfunk.de\/medien-und-rechtspopulismus-wie-soll-man-berichten.2907.de.html?dram:article_id=429633\" target=\"_blank\" rel=\"noopener\"><img loading=\"lazy\" decoding=\"async\" class=\"alignnone wp-image-205\" src=\"https:\/\/johanneshillje.de\/blog\/wp-content\/uploads\/2023\/05\/2000px-Deutschlandfunk.png\" alt=\"\" width=\"250\" height=\"47\" \/><\/a><\/p>\n<p style=\"text-align: center;\"><a href=\"https:\/\/www.zeit.de\/gesellschaft\/2018-03\/populismus-deutschland-frankreich-afd-waehler-front-national-europa-studie\" target=\"_blank\" rel=\"noopener\"><img loading=\"lazy\" decoding=\"async\" class=\"alignnone wp-image-201\" src=\"https:\/\/johanneshillje.de\/blog\/wp-content\/uploads\/2023\/05\/2000px-Die_Zeit-Logo-Bremen.svg_.png\" alt=\"\" width=\"250\" height=\"45\" \/><\/a><\/p>\n\n<\/div>\n<p style=\"text-align: center;\"><a href=\"https:\/\/www.faz.net\/aktuell\/politik\/inland\/politikberater-johannes-hillje-ueber-den-erfolg-der-gruenen-16232612.html\" target=\"_blank\" rel=\"noopener\"><img loading=\"lazy\" decoding=\"async\" class=\"alignnone wp-image-217\" src=\"https:\/\/johanneshillje.de\/blog\/wp-content\/uploads\/2023\/05\/FAZ_NET_Frankfurter_Allgemeine_Zeitung-logo-9DDF61A989-seeklogo.com_.png\" alt=\"\" width=\"175\" height=\"60\" \/><\/a><\/p>\n\n<\/article><\/div>\n<\/div>\n<\/section><\/div>\n<\/div>\t\t\t\t\t\t<\/div>\n\t\t\t\t<\/div>\n\t\t\t\t\t<\/div>\n\t\t<\/div>\n\t\t\t\t\t\t\t<\/div>\n\t\t<\/section>\n\t\t\t\t\t\t\t<\/div>\n\t\t","protected":false},"excerpt":{"rendered":"<p>In den Medien kommentiere ich regelm\u00e4\u00dfig als Experte zu den Themen politische Kommunikation, Framing, Populismus, europ\u00e4ische Politik, Wahlk\u00e4mpfe etc. Hier finden Sie eine Auswahl von Berichten:<\/p>\n","protected":false},"author":1,"featured_media":3314,"comment_status":"closed","ping_status":"closed","sticky":false,"template":"","format":"standard","meta":{"footnotes":""},"categories":[1],"tags":[],"class_list":["post-27","post","type-post","status-publish","format-standard","has-post-thumbnail","hentry","category-allgemein"],"_links":{"self":[{"href":"https:\/\/johanneshillje.de\/blog\/wp-json\/wp\/v2\/posts\/27","targetHints":{"allow":["GET"]}}],"collection":[{"href":"https:\/\/johanneshillje.de\/blog\/wp-json\/wp\/v2\/posts"}],"about":[{"href":"https:\/\/johanneshillje.de\/blog\/wp-json\/wp\/v2\/types\/post"}],"author":[{"embeddable":true,"href":"https:\/\/johanneshillje.de\/blog\/wp-json\/wp\/v2\/users\/1"}],"replies":[{"embeddable":true,"href":"https:\/\/johanneshillje.de\/blog\/wp-json\/wp\/v2\/comments?post=27"}],"version-history":[{"count":14,"href":"https:\/\/johanneshillje.de\/blog\/wp-json\/wp\/v2\/posts\/27\/revisions"}],"predecessor-version":[{"id":3598,"href":"https:\/\/johanneshillje.de\/blog\/wp-json\/wp\/v2\/posts\/27\/revisions\/3598"}],"wp:featuredmedia":[{"embeddable":true,"href":"https:\/\/johanneshillje.de\/blog\/wp-json\/wp\/v2\/media\/3314"}],"wp:attachment":[{"href":"https:\/\/johanneshillje.de\/blog\/wp-json\/wp\/v2\/media?parent=27"}],"wp:term":[{"taxonomy":"category","embeddable":true,"href":"https:\/\/johanneshillje.de\/blog\/wp-json\/wp\/v2\/categories?post=27"},{"taxonomy":"post_tag","embeddable":true,"href":"https:\/\/johanneshillje.de\/blog\/wp-json\/wp\/v2\/tags?post=27"}],"curies":[{"name":"wp","href":"https:\/\/api.w.org\/{rel}","templated":true}]}}